{"id":656,"date":"2016-03-15T20:09:54","date_gmt":"2016-03-15T18:09:54","guid":{"rendered":"http:\/\/www.balluneit.com\/?p=656"},"modified":"2025-03-10T17:20:02","modified_gmt":"2025-03-10T15:20:02","slug":"smartframe-boarding-house-adlershof","status":"publish","type":"post","link":"https:\/\/www.balluneit.com\/?p=656","title":{"rendered":"&#8222;SmartFrame&#8220; Boarding-House &#8211; Adlershof"},"content":{"rendered":"<p>Konzeption und Entwurf eines Geb\u00e4udes im Technologiepark Berlin-Adlershof f\u00fcr tempor\u00e4re und l\u00e4ngerfristige Miet-Wohnnutzung, vorrangig f\u00fcr Firmen und deren Mitarbeiter.<\/p>\n<p><strong>Ort:<\/strong> Berlin-Adlershof-Technologiepark<br \/>\n<strong>Auftraggeber:<\/strong> WiB GmbH \/ Prokonbau GmbH<\/p>\n<p><strong>Planung:<\/strong> 2016<br \/>\n<strong>Ausf\u00fchrung:<\/strong><br \/>\n<strong>Fl\u00e4che: <\/strong>3.900m\u00b2<strong><strong><br \/>\n<\/strong><\/strong><\/p>\n<p><strong>Leistungen:<\/strong><br \/>\n\u2013 LPH 1-3<\/p>\n<p><!-- index.php -->\n<div\n\tclass=\"ngg-galleryoverview\n\t ngg-ajax-pagination-none\t\"\n\tid=\"ngg-gallery-ba02edf2843d1dc8c81a88fc4e618e69-1\">\n\n\t\t<div class=\"slideshowlink\">\n\t\t<a href='https:\/\/www.balluneit.com\/index.php\/nggallery\/slideshow?p=656'>Slideshow<\/a>\n\n\t<\/div>\n\t\t\t<!-- Thumbnails -->\n\t\t\t\t<div id=\"ngg-image-0\" class=\"ngg-gallery-thumbnail-box\"\n\t\t\t\t\t\t\t\t\t\t\t>\n\t\t\t\t\t\t<div class=\"ngg-gallery-thumbnail\">\n\t\t\t<a href=\"https:\/\/www.balluneit.com\/wp-content\/gallery\/adlershof\/Perspektive-AH-Erweiterung.jpg\"\n\t\t\t\ttitle=\"\"\n\t\t\t\tdata-src=\"https:\/\/www.balluneit.com\/wp-content\/gallery\/adlershof\/Perspektive-AH-Erweiterung.jpg\"\n\t\t\t\tdata-thumbnail=\"https:\/\/www.balluneit.com\/wp-content\/gallery\/adlershof\/thumbs\/thumbs_Perspektive-AH-Erweiterung.jpg\"\n\t\t\t\tdata-image-id=\"206\"\n\t\t\t\tdata-title=\"Perspektive AH Erweiterung\"\n\t\t\t\tdata-description=\"\"\n\t\t\t\tdata-image-slug=\"perspektive-ah-erweiterung\"\n\t\t\t\tclass=\"ngg-simplelightbox\" rel=\"ba02edf2843d1dc8c81a88fc4e618e69\">\n\t\t\t\t<img\n\t\t\t\t\ttitle=\"Perspektive AH Erweiterung\"\n\t\t\t\t\talt=\"Perspektive AH Erweiterung\"\n\t\t\t\t\tsrc=\"https:\/\/www.balluneit.com\/wp-content\/gallery\/adlershof\/thumbs\/thumbs_Perspektive-AH-Erweiterung.jpg\"\n\t\t\t\t\twidth=\"150\"\n\t\t\t\t\theight=\"150\"\n\t\t\t\t\tstyle=\"max-width:100%;\"\n\t\t\t\t\/>\n\t\t\t<\/a>\n\t\t<\/div>\n\t\t\t\t\t\t\t<\/div>\n\t\t\t\n\t\t\t\t\t\t\t\n\t\t\t\t<div id=\"ngg-image-1\" class=\"ngg-gallery-thumbnail-box\"\n\t\t\t\t\t\t\t\t\t\t\t>\n\t\t\t\t\t\t<div class=\"ngg-gallery-thumbnail\">\n\t\t\t<a href=\"https:\/\/www.balluneit.com\/wp-content\/gallery\/adlershof\/02-Lage-M-1_500_2-Teilfl%C3%A4chen.jpg\"\n\t\t\t\ttitle=\"\"\n\t\t\t\tdata-src=\"https:\/\/www.balluneit.com\/wp-content\/gallery\/adlershof\/02-Lage-M-1_500_2-Teilfl%C3%A4chen.jpg\"\n\t\t\t\tdata-thumbnail=\"https:\/\/www.balluneit.com\/wp-content\/gallery\/adlershof\/thumbs\/thumbs_02-Lage-M-1_500_2-Teilfl%C3%A4chen.jpg\"\n\t\t\t\tdata-image-id=\"205\"\n\t\t\t\tdata-title=\"02 Lage M 1_500_2 Teilfl\u00e4chen\"\n\t\t\t\tdata-description=\"\"\n\t\t\t\tdata-image-slug=\"02-lage-m-1_500_2-teilfl%c3%a4chen\"\n\t\t\t\tclass=\"ngg-simplelightbox\" rel=\"ba02edf2843d1dc8c81a88fc4e618e69\">\n\t\t\t\t<img\n\t\t\t\t\ttitle=\"02 Lage M 1_500_2 Teilfl\u00e4chen\"\n\t\t\t\t\talt=\"02 Lage M 1_500_2 Teilfl\u00e4chen\"\n\t\t\t\t\tsrc=\"https:\/\/www.balluneit.com\/wp-content\/gallery\/adlershof\/thumbs\/thumbs_02-Lage-M-1_500_2-Teilfl%C3%A4chen.jpg\"\n\t\t\t\t\twidth=\"150\"\n\t\t\t\t\theight=\"150\"\n\t\t\t\t\tstyle=\"max-width:100%;\"\n\t\t\t\t\/>\n\t\t\t<\/a>\n\t\t<\/div>\n\t\t\t\t\t\t\t<\/div>\n\t\t\t\n\t\t\t\t\t\t\t\n\t\t\n\t\t<!-- Pagination -->\n\t\t<div class='ngg-clear'><\/div>\t<\/div>\n<\/p>\n","protected":false},"excerpt":{"rendered":"<p>Konzeption und Entwurf eines Geb\u00e4udes im Technologiepark Berlin-Adlershof f\u00fcr tempor\u00e4re und l\u00e4ngerfristige Miet-Wohnnutzung, vorrangig f\u00fcr Firmen und deren Mitarbeiter. Ort: Berlin-Adlershof-Technologiepark Auftraggeber: WiB GmbH \/ Prokonbau GmbH Planung: 2016 Ausf\u00fchrung: Fl\u00e4che: 3.900m\u00b2 Leistungen: \u2013 LPH 1-3 Slideshow<\/p>\n","protected":false},"author":3,"featured_media":0,"comment_status":"closed","ping_status":"closed","sticky":false,"template":"","format":"standard","meta":{"ngg_post_thumbnail":0,"footnotes":""},"categories":[1,17],"tags":[8],"class_list":["post-656","post","type-post","status-publish","format-standard","hentry","category-allgemein","category-entwurf","tag-entwurf"],"_links":{"self":[{"href":"https:\/\/www.balluneit.com\/index.php?rest_route=\/wp\/v2\/posts\/656","targetHints":{"allow":["GET"]}}],"collection":[{"href":"https:\/\/www.balluneit.com\/index.php?rest_route=\/wp\/v2\/posts"}],"about":[{"href":"https:\/\/www.balluneit.com\/index.php?rest_route=\/wp\/v2\/types\/post"}],"author":[{"embeddable":true,"href":"https:\/\/www.balluneit.com\/index.php?rest_route=\/wp\/v2\/users\/3"}],"replies":[{"embeddable":true,"href":"https:\/\/www.balluneit.com\/index.php?rest_route=%2Fwp%2Fv2%2Fcomments&post=656"}],"version-history":[{"count":4,"href":"https:\/\/www.balluneit.com\/index.php?rest_route=\/wp\/v2\/posts\/656\/revisions"}],"predecessor-version":[{"id":667,"href":"https:\/\/www.balluneit.com\/index.php?rest_route=\/wp\/v2\/posts\/656\/revisions\/667"}],"wp:attachment":[{"href":"https:\/\/www.balluneit.com\/index.php?rest_route=%2Fwp%2Fv2%2Fmedia&parent=656"}],"wp:term":[{"taxonomy":"category","embeddable":true,"href":"https:\/\/www.balluneit.com\/index.php?rest_route=%2Fwp%2Fv2%2Fcategories&post=656"},{"taxonomy":"post_tag","embeddable":true,"href":"https:\/\/www.balluneit.com\/index.php?rest_route=%2Fwp%2Fv2%2Ftags&post=656"}],"curies":[{"name":"wp","href":"https:\/\/api.w.org\/{rel}","templated":true}]}}